{
    "id": 4073,
    "date": "2024-06-05T12:44:11",
    "date_gmt": "2024-06-05T12:44:11",
    "guid": {
        "rendered": "https:\/\/www.niemisofa.ee\/?post_type=al_product&#038;p=4073"
    },
    "modified": "2025-09-11T12:18:48",
    "modified_gmt": "2025-09-11T12:18:48",
    "slug": "jazz-sohva",
    "status": "publish",
    "type": "al_product",
    "link": "http:\/\/www.niemisofa.ee\/fi\/tuotteet\/jazz-sohva\/",
    "title": {
        "rendered": "JAZZ  SOHVA"
    },
    "content": {
        "rendered": "<p>Jazz sohva on saatavana erilaisilla moduuleilla.<\/p>\r\n\r\n\r\n\r\n<p>Moduuleista voidaan valmistaa 2-istuttava, 2,5-istuttava tai 3-istuttava sohva.<\/p>\r\n\r\n\r\n\r\n<p>2-istuttavan sohvan kokonaisleveys on 164 cm, istuimen leveys 144 cm.<br>2,5-istuttavan sohvan kokonaisleveys on 196 cm, istuimen leveys 176 cm.<br>3-istuttavan sohvan kokonaisleveys on 236 cm, istuimen leveys 216 cm.<\/p>\r\n\r\n\r\n\r\n<p><br>Sarjaa t\u00e4ydent\u00e4v\u00e4t nojatuoli, rahi ja sohvaan toivottaessa lis\u00e4tt\u00e4v\u00e4t niskatuet.<\/p>\r\n\r\n\r\n\r\n<p><br>Runko on valmistettu koivuvanerista ja m\u00e4nnyst\u00e4.<br>Istuintyynyss\u00e4 HR-35 ja selk\u00e4tyynyss\u00e4 HR-25 vaahtomuovi.<br>Selk\u00e4tyynyt k\u00e4\u00e4nnett\u00e4viss\u00e4, istuintyynyt kiinte\u00e4t.<br>K\u00e4sinoja saatavana vaakatikkauksilla tai ilman.<\/p>",
        "protected": false
    },
    "excerpt": {
        "rendered": "<div class=\"wpcf7 no-js\" id=\"wpcf7-f305-o1\" lang=\"et\" dir=\"ltr\" data-wpcf7-id=\"305\">\n<div class=\"screen-reader-response\">\n<p role=\"status\" aria-live=\"polite\" aria-atomic=\"true\">\n<ul><\/ul>\n<\/div>\n<form action=\"\/fi\/wp-json\/wp\/v2\/al_product\/4073#wpcf7-f305-o1\" method=\"post\" class=\"wpcf7-form init\" aria-label=\"Contact form\" novalidate=\"novalidate\" data-status=\"init\" data-trp-original-action=\"\/fi\/wp-json\/wp\/v2\/al_product\/4073#wpcf7-f305-o1\">\n<fieldset class=\"hidden-fields-container\"><input type=\"hidden\" name=\"_wpcf7\" value=\"305\" \/><input type=\"hidden\" name=\"_wpcf7_version\" value=\"6.1.5\" \/><input type=\"hidden\" name=\"_wpcf7_locale\" value=\"et\" \/><input type=\"hidden\" name=\"_wpcf7_unit_tag\" value=\"wpcf7-f305-o1\" \/><input type=\"hidden\" name=\"_wpcf7_container_post\" value=\"0\" \/><input type=\"hidden\" name=\"_wpcf7_posted_data_hash\" value=\"\" \/><br \/>\n<\/fieldset>\n<p><b>Tee p\u00e4ring <\/b>\n<\/p>\n<p><label> Nimi (n\u00f5utud)<br \/>\n<span class=\"wpcf7-form-control-wrap\" data-name=\"your-name\"><input size=\"40\" maxlength=\"400\" class=\"wpcf7-form-control wpcf7-text wpcf7-validates-as-required\" aria-required=\"true\" aria-invalid=\"false\" value=\"\" type=\"text\" name=\"your-name\" \/><\/span> <\/label>\n<\/p>\n<p><label> Email (n\u00f5utud)<br \/>\n<span class=\"wpcf7-form-control-wrap\" data-name=\"your-email\"><input size=\"40\" maxlength=\"400\" class=\"wpcf7-form-control wpcf7-email wpcf7-validates-as-required wpcf7-text wpcf7-validates-as-email\" aria-required=\"true\" aria-invalid=\"false\" value=\"\" type=\"email\" name=\"your-email\" \/><\/span> <\/label>\n<\/p>\n<p><label> Teema<br \/>\n<span class=\"wpcf7-form-control-wrap\" data-name=\"your-message\"><textarea cols=\"40\" rows=\"10\" maxlength=\"2000\" class=\"wpcf7-form-control wpcf7-textarea wpcf7-validates-as-required\" aria-required=\"true\" aria-invalid=\"false\" name=\"your-message\"><\/textarea><\/span> <\/label>\n<\/p>\n<p><input class=\"wpcf7-form-control wpcf7-submit has-spinner\" type=\"submit\" value=\"Saada\" \/>\n<\/p>\n<p style=\"display: none !important;\" class=\"akismet-fields-container\" data-prefix=\"_wpcf7_ak_\"><label>&#916;<textarea name=\"_wpcf7_ak_hp_textarea\" cols=\"45\" rows=\"8\" maxlength=\"100\"><\/textarea><\/label><input type=\"hidden\" id=\"ak_js_1\" name=\"_wpcf7_ak_js\" value=\"36\"\/><script>document.getElementById( \"ak_js_1\" ).setAttribute( \"value\", ( new Date() ).getTime() );<\/script><\/p>\n<div class=\"wpcf7-response-output\" aria-hidden=\"true\"><\/div>\n<input type=\"hidden\" name=\"trp-form-language\" value=\"fi\"\/><\/form>\n<\/div>",
        "protected": false
    },
    "featured_media": 5507,
    "template": "",
    "al_product-cat": [
        249,
        255
    ],
    "class_list": [
        "post-4073",
        "al_product",
        "type-al_product",
        "status-publish",
        "has-post-thumbnail",
        "hentry",
        "al_product-cat-kalusteet-kotiin",
        "al_product-cat-sohvat"
    ],
    "acf": [],
    "yoast_head": "<!-- This site is optimized with the Yoast SEO plugin v27.0 - https:\/\/yoast.com\/product\/yoast-seo-wordpress\/ -->\n<title>JAZZ SOHVA - Niemi Sofa<\/title>\n<meta name=\"robots\" content=\"index, follow, max-snippet:-1, max-image-preview:large, max-video-preview:-1\" \/>\n<link rel=\"canonical\" href=\"https:\/\/www.niemisofa.ee\/fi\/tuotteet\/jazz-sohva\/\" \/>\n<meta property=\"og:locale\" content=\"fi_FI\" \/>\n<meta property=\"og:type\" content=\"article\" \/>\n<meta property=\"og:title\" content=\"JAZZ SOHVA - Niemi Sofa\" \/>\n<meta property=\"og:url\" content=\"https:\/\/www.niemisofa.ee\/fi\/tuotteet\/jazz-sohva\/\" \/>\n<meta property=\"og:site_name\" content=\"Niemi Sofa\" \/>\n<meta property=\"article:publisher\" content=\"https:\/\/www.facebook.com\/profile.php?id=61568583511594\" \/>\n<meta property=\"article:modified_time\" content=\"2025-09-11T12:18:48+00:00\" \/>\n<meta property=\"og:image\" content=\"https:\/\/www.niemisofa.ee\/wp-content\/uploads\/2024\/06\/JAZZ_tumehall_1-copy-scaled.jpg\" \/>\n\t<meta property=\"og:image:width\" content=\"2560\" \/>\n\t<meta property=\"og:image:height\" content=\"1707\" \/>\n\t<meta property=\"og:image:type\" content=\"image\/jpeg\" \/>\n<meta name=\"twitter:card\" content=\"summary_large_image\" \/>\n<meta name=\"twitter:description\" content=\"[contact-form-7 id=&quot;305&quot; title=&quot;Jazz&quot;]\" \/>\n<meta name=\"twitter:label1\" content=\"Arvioitu lukuaika\" \/>\n\t<meta name=\"twitter:data1\" content=\"1 minuutti\" \/>\n<script type=\"application\/ld+json\" class=\"yoast-schema-graph\">{\"@context\":\"https:\/\/schema.org\",\"@graph\":[{\"@type\":\"WebPage\",\"@id\":\"https:\/\/www.niemisofa.ee\/tuotteet\/jazz-sohva\/\",\"url\":\"https:\/\/www.niemisofa.ee\/tuotteet\/jazz-sohva\/\",\"name\":\"JAZZ SOHVA - Niemi Sofa\",\"isPartOf\":{\"@id\":\"https:\/\/www.niemisofa.ee\/#website\"},\"primaryImageOfPage\":{\"@id\":\"https:\/\/www.niemisofa.ee\/tuotteet\/jazz-sohva\/#primaryimage\"},\"image\":{\"@id\":\"https:\/\/www.niemisofa.ee\/tuotteet\/jazz-sohva\/#primaryimage\"},\"thumbnailUrl\":\"https:\/\/www.niemisofa.ee\/wp-content\/uploads\/2024\/06\/JAZZ_tumehall_1-copy-scaled.jpg\",\"datePublished\":\"2024-06-05T12:44:11+00:00\",\"dateModified\":\"2025-09-11T12:18:48+00:00\",\"breadcrumb\":{\"@id\":\"https:\/\/www.niemisofa.ee\/tuotteet\/jazz-sohva\/#breadcrumb\"},\"inLanguage\":\"fi\",\"potentialAction\":[{\"@type\":\"ReadAction\",\"target\":[\"https:\/\/www.niemisofa.ee\/tuotteet\/jazz-sohva\/\"]}]},{\"@type\":\"ImageObject\",\"inLanguage\":\"fi\",\"@id\":\"https:\/\/www.niemisofa.ee\/tuotteet\/jazz-sohva\/#primaryimage\",\"url\":\"https:\/\/www.niemisofa.ee\/wp-content\/uploads\/2024\/06\/JAZZ_tumehall_1-copy-scaled.jpg\",\"contentUrl\":\"https:\/\/www.niemisofa.ee\/wp-content\/uploads\/2024\/06\/JAZZ_tumehall_1-copy-scaled.jpg\",\"width\":2560,\"height\":1707},{\"@type\":\"BreadcrumbList\",\"@id\":\"https:\/\/www.niemisofa.ee\/tuotteet\/jazz-sohva\/#breadcrumb\",\"itemListElement\":[{\"@type\":\"ListItem\",\"position\":1,\"name\":\"Home\",\"item\":\"https:\/\/www.niemisofa.ee\/\"},{\"@type\":\"ListItem\",\"position\":2,\"name\":\"Products\",\"item\":\"https:\/\/www.niemisofa.ee\/fi\/tuotteet\/\"},{\"@type\":\"ListItem\",\"position\":3,\"name\":\"JAZZ SOHVA\"}]},{\"@type\":\"WebSite\",\"@id\":\"https:\/\/www.niemisofa.ee\/#website\",\"url\":\"https:\/\/www.niemisofa.ee\/\",\"name\":\"Niemi Sofa\",\"description\":\"Pehme m&ouml;&ouml;bel Eestist!\",\"publisher\":{\"@id\":\"https:\/\/www.niemisofa.ee\/#organization\"},\"potentialAction\":[{\"@type\":\"SearchAction\",\"target\":{\"@type\":\"EntryPoint\",\"urlTemplate\":\"https:\/\/www.niemisofa.ee\/?s={search_term_string}\"},\"query-input\":{\"@type\":\"PropertyValueSpecification\",\"valueRequired\":true,\"valueName\":\"search_term_string\"}}],\"inLanguage\":\"fi\"},{\"@type\":\"Organization\",\"@id\":\"https:\/\/www.niemisofa.ee\/#organization\",\"name\":\"Niemi Sofa\",\"url\":\"https:\/\/www.niemisofa.ee\/\",\"logo\":{\"@type\":\"ImageObject\",\"inLanguage\":\"fi\",\"@id\":\"https:\/\/www.niemisofa.ee\/#\/schema\/logo\/image\/\",\"url\":\"https:\/\/www.niemisofa.ee\/wp-content\/uploads\/2024\/02\/logo.jpg\",\"contentUrl\":\"https:\/\/www.niemisofa.ee\/wp-content\/uploads\/2024\/02\/logo.jpg\",\"width\":254,\"height\":63,\"caption\":\"Niemi Sofa\"},\"image\":{\"@id\":\"https:\/\/www.niemisofa.ee\/#\/schema\/logo\/image\/\"},\"sameAs\":[\"https:\/\/www.facebook.com\/profile.php?id=61568583511594\",\"https:\/\/www.instagram.com\/niemisofa\/\"]}]}<\/script>\n<!-- \/ Yoast SEO plugin. -->",
    "yoast_head_json": {
        "title": "JAZZ SOHVA - Niemi Sofa",
        "robots": {
            "index": "index",
            "follow": "follow",
            "max-snippet": "max-snippet:-1",
            "max-image-preview": "max-image-preview:large",
            "max-video-preview": "max-video-preview:-1"
        },
        "canonical": "https:\/\/www.niemisofa.ee\/fi\/tuotteet\/jazz-sohva\/",
        "og_locale": "fi_FI",
        "og_type": "article",
        "og_title": "JAZZ SOHVA - Niemi Sofa",
        "og_url": "https:\/\/www.niemisofa.ee\/fi\/tuotteet\/jazz-sohva\/",
        "og_site_name": "Niemi Sofa",
        "article_publisher": "https:\/\/www.facebook.com\/profile.php?id=61568583511594",
        "article_modified_time": "2025-09-11T12:18:48+00:00",
        "og_image": [
            {
                "width": 2560,
                "height": 1707,
                "url": "https:\/\/www.niemisofa.ee\/wp-content\/uploads\/2024\/06\/JAZZ_tumehall_1-copy-scaled.jpg",
                "type": "image\/jpeg"
            }
        ],
        "twitter_card": "summary_large_image",
        "twitter_description": "[contact-form-7 id=\"305\" title=\"Jazz\"]",
        "twitter_misc": {
            "Arvioitu lukuaika": "1 minuutti"
        },
        "schema": {
            "@context": "https:\/\/schema.org",
            "@graph": [
                {
                    "@type": "WebPage",
                    "@id": "https:\/\/www.niemisofa.ee\/tuotteet\/jazz-sohva\/",
                    "url": "https:\/\/www.niemisofa.ee\/tuotteet\/jazz-sohva\/",
                    "name": "JAZZ SOHVA - Niemi Sofa",
                    "isPartOf": {
                        "@id": "https:\/\/www.niemisofa.ee\/#website"
                    },
                    "primaryImageOfPage": {
                        "@id": "https:\/\/www.niemisofa.ee\/tuotteet\/jazz-sohva\/#primaryimage"
                    },
                    "image": {
                        "@id": "https:\/\/www.niemisofa.ee\/tuotteet\/jazz-sohva\/#primaryimage"
                    },
                    "thumbnailUrl": "https:\/\/www.niemisofa.ee\/wp-content\/uploads\/2024\/06\/JAZZ_tumehall_1-copy-scaled.jpg",
                    "datePublished": "2024-06-05T12:44:11+00:00",
                    "dateModified": "2025-09-11T12:18:48+00:00",
                    "breadcrumb": {
                        "@id": "https:\/\/www.niemisofa.ee\/tuotteet\/jazz-sohva\/#breadcrumb"
                    },
                    "inLanguage": "fi",
                    "potentialAction": [
                        {
                            "@type": "ReadAction",
                            "target": [
                                "https:\/\/www.niemisofa.ee\/tuotteet\/jazz-sohva\/"
                            ]
                        }
                    ]
                },
                {
                    "@type": "ImageObject",
                    "inLanguage": "fi",
                    "@id": "https:\/\/www.niemisofa.ee\/tuotteet\/jazz-sohva\/#primaryimage",
                    "url": "https:\/\/www.niemisofa.ee\/wp-content\/uploads\/2024\/06\/JAZZ_tumehall_1-copy-scaled.jpg",
                    "contentUrl": "https:\/\/www.niemisofa.ee\/wp-content\/uploads\/2024\/06\/JAZZ_tumehall_1-copy-scaled.jpg",
                    "width": 2560,
                    "height": 1707
                },
                {
                    "@type": "BreadcrumbList",
                    "@id": "https:\/\/www.niemisofa.ee\/tuotteet\/jazz-sohva\/#breadcrumb",
                    "itemListElement": [
                        {
                            "@type": "ListItem",
                            "position": 1,
                            "name": "Home",
                            "item": "https:\/\/www.niemisofa.ee\/"
                        },
                        {
                            "@type": "ListItem",
                            "position": 2,
                            "name": "Products",
                            "item": "https:\/\/www.niemisofa.ee\/fi\/tuotteet\/"
                        },
                        {
                            "@type": "ListItem",
                            "position": 3,
                            "name": "JAZZ SOHVA"
                        }
                    ]
                },
                {
                    "@type": "WebSite",
                    "@id": "https:\/\/www.niemisofa.ee\/#website",
                    "url": "https:\/\/www.niemisofa.ee\/",
                    "name": "Niemi Sofa",
                    "description": "Pehme m&ouml;&ouml;bel Eestist!",
                    "publisher": {
                        "@id": "https:\/\/www.niemisofa.ee\/#organization"
                    },
                    "potentialAction": [
                        {
                            "@type": "SearchAction",
                            "target": {
                                "@type": "EntryPoint",
                                "urlTemplate": "https:\/\/www.niemisofa.ee\/?s={search_term_string}"
                            },
                            "query-input": {
                                "@type": "PropertyValueSpecification",
                                "valueRequired": true,
                                "valueName": "search_term_string"
                            }
                        }
                    ],
                    "inLanguage": "fi"
                },
                {
                    "@type": "Organization",
                    "@id": "https:\/\/www.niemisofa.ee\/#organization",
                    "name": "Niemi Sofa",
                    "url": "https:\/\/www.niemisofa.ee\/",
                    "logo": {
                        "@type": "ImageObject",
                        "inLanguage": "fi",
                        "@id": "https:\/\/www.niemisofa.ee\/#\/schema\/logo\/image\/",
                        "url": "https:\/\/www.niemisofa.ee\/wp-content\/uploads\/2024\/02\/logo.jpg",
                        "contentUrl": "https:\/\/www.niemisofa.ee\/wp-content\/uploads\/2024\/02\/logo.jpg",
                        "width": 254,
                        "height": 63,
                        "caption": "Niemi Sofa"
                    },
                    "image": {
                        "@id": "https:\/\/www.niemisofa.ee\/#\/schema\/logo\/image\/"
                    },
                    "sameAs": [
                        "https:\/\/www.facebook.com\/profile.php?id=61568583511594",
                        "https:\/\/www.instagram.com\/niemisofa\/"
                    ]
                }
            ]
        }
    },
    "_links": {
        "self": [
            {
                "href": "http:\/\/www.niemisofa.ee\/fi\/wp-json\/wp\/v2\/al_product\/4073",
                "targetHints": {
                    "allow": [
                        "GET"
                    ]
                }
            }
        ],
        "collection": [
            {
                "href": "http:\/\/www.niemisofa.ee\/fi\/wp-json\/wp\/v2\/al_product"
            }
        ],
        "about": [
            {
                "href": "http:\/\/www.niemisofa.ee\/fi\/wp-json\/wp\/v2\/types\/al_product"
            }
        ],
        "wp:featuredmedia": [
            {
                "embeddable": true,
                "href": "http:\/\/www.niemisofa.ee\/fi\/wp-json\/wp\/v2\/media\/5507"
            }
        ],
        "wp:attachment": [
            {
                "href": "http:\/\/www.niemisofa.ee\/fi\/wp-json\/wp\/v2\/media?parent=4073"
            }
        ],
        "wp:term": [
            {
                "taxonomy": "al_product-cat",
                "embeddable": true,
                "href": "http:\/\/www.niemisofa.ee\/fi\/wp-json\/wp\/v2\/al_product-cat?post=4073"
            }
        ],
        "curies": [
            {
                "name": "wp",
                "href": "https:\/\/api.w.org\/{rel}",
                "templated": true
            }
        ]
    }
}