{
    "version": "1.0",
    "provider_name": "Niemi Sofa",
    "provider_url": "https:\/\/www.niemisofa.ee\/fi",
    "author_name": "Jana Kase",
    "author_url": "https:\/\/www.niemisofa.ee\/fi\/author\/nsjanak\/",
    "title": "ISLA-nojatuoli erikoiskorkea selk\u00e4noja - Niemi Sofa",
    "type": "rich",
    "width": 600,
    "height": 338,
    "html": "<blockquote class=\"wp-embedded-content\" data-secret=\"SVFc1OMzXW\"><a href=\"https:\/\/www.niemisofa.ee\/fi\/tuotteet\/isla-nojatuoli-erikoiskorkea-selkanoja\/\">ISLA-nojatuoli erikoiskorkea selk\u00e4noja<\/a><\/blockquote><iframe sandbox=\"allow-scripts\" security=\"restricted\" src=\"https:\/\/www.niemisofa.ee\/fi\/tuotteet\/isla-nojatuoli-erikoiskorkea-selkanoja\/embed\/#?secret=SVFc1OMzXW\" width=\"600\" height=\"338\" title=\"&#8221;ISLA-nojatuoli erikoiskorkea selk\u00e4noja&#8221; &#8212; Niemi Sofa\" data-secret=\"SVFc1OMzXW\" frameborder=\"0\" marginwidth=\"0\" marginheight=\"0\" scrolling=\"no\" class=\"wp-embedded-content\"><\/iframe><script>\n\/*! This file is auto-generated *\/\n!function(d,l){\"use strict\";l.querySelector&&d.addEventListener&&\"undefined\"!=typeof URL&&(d.wp=d.wp||{},d.wp.receiveEmbedMessage||(d.wp.receiveEmbedMessage=function(e){var t=e.data;if((t||t.secret||t.message||t.value)&&!\/[^a-zA-Z0-9]\/.test(t.secret)){for(var s,r,n,a=l.querySelectorAll('iframe[data-secret=\"'+t.secret+'\"]'),o=l.querySelectorAll('blockquote[data-secret=\"'+t.secret+'\"]'),c=new RegExp(\"^https?:$\",\"i\"),i=0;i<o.length;i++)o[i].style.display=\"none\";for(i=0;i<a.length;i++)s=a[i],e.source===s.contentWindow&&(s.removeAttribute(\"style\"),\"height\"===t.message?(1e3<(r=parseInt(t.value,10))?r=1e3:~~r<200&&(r=200),s.height=r):\"link\"===t.message&&(r=new URL(s.getAttribute(\"src\")),n=new URL(t.value),c.test(n.protocol))&&n.host===r.host&&l.activeElement===s&&(d.top.location.href=t.value))}},d.addEventListener(\"message\",d.wp.receiveEmbedMessage,!1),l.addEventListener(\"DOMContentLoaded\",function(){for(var e,t,s=l.querySelectorAll(\"iframe.wp-embedded-content\"),r=0;r<s.length;r++)(t=(e=s[r]).getAttribute(\"data-secret\"))||(t=Math.random().toString(36).substring(2,12),e.src+=\"#?secret=\"+t,e.setAttribute(\"data-secret\",t)),e.contentWindow.postMessage({message:\"ready\",secret:t},\"*\")},!1)))}(window,document);\n\/\/# sourceURL=https:\/\/www.niemisofa.ee\/wp-includes\/js\/wp-embed.min.js\n<\/script>",
    "thumbnail_url": "https:\/\/www.niemisofa.ee\/wp-content\/uploads\/2024\/09\/Isla-nojatuoli_korkea.jpg",
    "thumbnail_width": 1920,
    "thumbnail_height": 1280,
    "description": "Isla-nojatuolissa on korkea selk\u00e4noja ja vahva istuintyyny, joka antaa hyv\u00e4n tuen istuessa ja helpottaa tuolista nousemista. Isla-nojatuoliin voi valita matalan, korkean tai erikoiskorkean selk\u00e4nojan. Nojatuolissa on kulutusta kest\u00e4v\u00e4t paikat k\u00e4sinojissa. Kaikki pintamateriaalit helposti pyyhkim\u00e4ll\u00e4 puhdistettavia.Istuimiin ja selk\u00e4tyynyihin on mahdollista valita kangasp\u00e4\u00e4llisten alle nestetiivis sis\u00e4p\u00e4\u00e4llinen sek\u00e4 lis\u00e4p\u00e4\u00e4lliset vaihtoa varten.Isla-malleissa on erilaisia \u200b\u200blis\u00e4varusteita, jotka voidaan tilata erikseen.P\u00e4\u00e4llyskangas [&hellip;]"
}