{
    "id": 4222,
    "date": "2024-09-13T06:56:47",
    "date_gmt": "2024-09-13T06:56:47",
    "guid": {
        "rendered": "https:\/\/www.niemisofa.ee\/?post_type=al_product&#038;p=4222"
    },
    "modified": "2025-08-15T07:59:22",
    "modified_gmt": "2025-08-15T07:59:22",
    "slug": "isla-nojatuoli-matala-selkanoja",
    "status": "publish",
    "type": "al_product",
    "link": "https:\/\/www.niemisofa.ee\/fi\/tuotteet\/isla-nojatuoli-matala-selkanoja\/",
    "title": {
        "rendered": "ISLA-nojatuoli matala selk\u00e4noja"
    },
    "content": {
        "rendered": "<p>Isla-nojatuolissa on matala selk\u00e4noja ja vahva istuintyyny, joka antaa hyv\u00e4n tuen istuessa ja helpottaa tuolista nousemista.<br>Nojatuolissa on kulutusta kest\u00e4v\u00e4t paikat k\u00e4sinojissa. Kaikki pintamateriaalit helposti pyyhkim\u00e4ll\u00e4 puhdistettavia.<br>Istuimiin ja selk\u00e4tyynyihin on mahdollista valita kangasp\u00e4\u00e4llisten alle nestetiivis sis\u00e4p\u00e4\u00e4llinen sek\u00e4 lis\u00e4p\u00e4\u00e4lliset vaihtoa varten.<br>Isla-malleissa on erilaisia \u200b\u200blis\u00e4varusteita, jotka voidaan tilata erikseen.<br>P\u00e4\u00e4llyskangas voidaan valita useista kankaista ja v\u00e4reist\u00e4.<br>Isla-pehmustetut huonekalut ovat paloturvallisia ja ne on testattu standardin EN 16139:2013 mukaisesti. Isla-huonekalusarja t\u00e4ytt\u00e4\u00e4 julkisissa tiloissa k\u00e4ytett\u00e4v\u00e4n standardin turvallisuus-, lujuus- ja kest\u00e4vyysvaatimukset.<\/p>",
        "protected": false
    },
    "excerpt": {
        "rendered": "<p>Isla-nojatuolissa on matala selk\u00e4noja ja vahva istuintyyny, joka antaa hyv\u00e4n tuen istuessa ja helpottaa tuolista nousemista.Nojatuolissa on kulutusta kest\u00e4v\u00e4t paikat k\u00e4sinojissa. Kaikki pintamateriaalit helposti pyyhkim\u00e4ll\u00e4 puhdistettavia.Istuimiin ja selk\u00e4tyynyihin on mahdollista valita kangasp\u00e4\u00e4llisten alle nestetiivis sis\u00e4p\u00e4\u00e4llinen sek\u00e4 lis\u00e4p\u00e4\u00e4lliset vaihtoa varten.Isla-malleissa on erilaisia \u200b\u200blis\u00e4varusteita, jotka voidaan tilata erikseen.P\u00e4\u00e4llyskangas voidaan valita useista kankaista ja v\u00e4reist\u00e4.Isla-pehmustetut huonekalut ovat paloturvallisia [&hellip;]<\/p>",
        "protected": false
    },
    "featured_media": 5357,
    "template": "",
    "al_product-cat": [
        264
    ],
    "class_list": [
        "post-4222",
        "al_product",
        "type-al_product",
        "status-publish",
        "has-post-thumbnail",
        "hentry",
        "al_product-cat-hoivakodit"
    ],
    "acf": [],
    "yoast_head": "<!-- This site is optimized with the Yoast SEO plugin v27.0 - https:\/\/yoast.com\/product\/yoast-seo-wordpress\/ -->\n<title>ISLA-nojatuoli matala selk\u00e4noja - Niemi Sofa<\/title>\n<meta name=\"robots\" content=\"index, follow, max-snippet:-1, max-image-preview:large, max-video-preview:-1\" \/>\n<link rel=\"canonical\" href=\"https:\/\/www.niemisofa.ee\/fi\/tuotteet\/isla-nojatuoli-matala-selkanoja\/\" \/>\n<meta property=\"og:locale\" content=\"fi_FI\" \/>\n<meta property=\"og:type\" content=\"article\" \/>\n<meta property=\"og:title\" content=\"ISLA-nojatuoli matala selk\u00e4noja - Niemi Sofa\" \/>\n<meta property=\"og:description\" content=\"Isla-nojatuolissa on matala selk\u00e4noja ja vahva istuintyyny, joka antaa hyv\u00e4n tuen istuessa ja helpottaa tuolista nousemista.Nojatuolissa on kulutusta kest\u00e4v\u00e4t paikat k\u00e4sinojissa. Kaikki pintamateriaalit helposti pyyhkim\u00e4ll\u00e4 puhdistettavia.Istuimiin ja selk\u00e4tyynyihin on mahdollista valita kangasp\u00e4\u00e4llisten alle nestetiivis sis\u00e4p\u00e4\u00e4llinen sek\u00e4 lis\u00e4p\u00e4\u00e4lliset vaihtoa varten.Isla-malleissa on erilaisia \u200b\u200blis\u00e4varusteita, jotka voidaan tilata erikseen.P\u00e4\u00e4llyskangas voidaan valita useista kankaista ja v\u00e4reist\u00e4.Isla-pehmustetut huonekalut ovat paloturvallisia [&hellip;]\" \/>\n<meta property=\"og:url\" content=\"https:\/\/www.niemisofa.ee\/fi\/tuotteet\/isla-nojatuoli-matala-selkanoja\/\" \/>\n<meta property=\"og:site_name\" content=\"Niemi Sofa\" \/>\n<meta property=\"article:publisher\" content=\"https:\/\/www.facebook.com\/profile.php?id=61568583511594\" \/>\n<meta property=\"article:modified_time\" content=\"2025-08-15T07:59:22+00:00\" \/>\n<meta property=\"og:image\" content=\"https:\/\/www.niemisofa.ee\/wp-content\/uploads\/2024\/09\/ISLA_1-copy.jpg\" \/>\n\t<meta property=\"og:image:width\" content=\"902\" \/>\n\t<meta property=\"og:image:height\" content=\"608\" \/>\n\t<meta property=\"og:image:type\" content=\"image\/jpeg\" \/>\n<meta name=\"twitter:card\" content=\"summary_large_image\" \/>\n<meta name=\"twitter:label1\" content=\"Arvioitu lukuaika\" \/>\n\t<meta name=\"twitter:data1\" content=\"1 minuutti\" \/>\n<script type=\"application\/ld+json\" class=\"yoast-schema-graph\">{\"@context\":\"https:\/\/schema.org\",\"@graph\":[{\"@type\":\"WebPage\",\"@id\":\"https:\/\/www.niemisofa.ee\/tuotteet\/isla-nojatuoli-matala-selkanoja\/\",\"url\":\"https:\/\/www.niemisofa.ee\/tuotteet\/isla-nojatuoli-matala-selkanoja\/\",\"name\":\"ISLA-nojatuoli matala selk\u00e4noja - Niemi Sofa\",\"isPartOf\":{\"@id\":\"https:\/\/www.niemisofa.ee\/#website\"},\"primaryImageOfPage\":{\"@id\":\"https:\/\/www.niemisofa.ee\/tuotteet\/isla-nojatuoli-matala-selkanoja\/#primaryimage\"},\"image\":{\"@id\":\"https:\/\/www.niemisofa.ee\/tuotteet\/isla-nojatuoli-matala-selkanoja\/#primaryimage\"},\"thumbnailUrl\":\"https:\/\/www.niemisofa.ee\/wp-content\/uploads\/2024\/09\/ISLA_1-copy.jpg\",\"datePublished\":\"2024-09-13T06:56:47+00:00\",\"dateModified\":\"2025-08-15T07:59:22+00:00\",\"breadcrumb\":{\"@id\":\"https:\/\/www.niemisofa.ee\/tuotteet\/isla-nojatuoli-matala-selkanoja\/#breadcrumb\"},\"inLanguage\":\"fi\",\"potentialAction\":[{\"@type\":\"ReadAction\",\"target\":[\"https:\/\/www.niemisofa.ee\/tuotteet\/isla-nojatuoli-matala-selkanoja\/\"]}]},{\"@type\":\"ImageObject\",\"inLanguage\":\"fi\",\"@id\":\"https:\/\/www.niemisofa.ee\/tuotteet\/isla-nojatuoli-matala-selkanoja\/#primaryimage\",\"url\":\"https:\/\/www.niemisofa.ee\/wp-content\/uploads\/2024\/09\/ISLA_1-copy.jpg\",\"contentUrl\":\"https:\/\/www.niemisofa.ee\/wp-content\/uploads\/2024\/09\/ISLA_1-copy.jpg\",\"width\":902,\"height\":608},{\"@type\":\"BreadcrumbList\",\"@id\":\"https:\/\/www.niemisofa.ee\/tuotteet\/isla-nojatuoli-matala-selkanoja\/#breadcrumb\",\"itemListElement\":[{\"@type\":\"ListItem\",\"position\":1,\"name\":\"Home\",\"item\":\"https:\/\/www.niemisofa.ee\/\"},{\"@type\":\"ListItem\",\"position\":2,\"name\":\"Products\",\"item\":\"https:\/\/www.niemisofa.ee\/fi\/tuotteet\/\"},{\"@type\":\"ListItem\",\"position\":3,\"name\":\"ISLA-nojatuoli matala selk\u00e4noja\"}]},{\"@type\":\"WebSite\",\"@id\":\"https:\/\/www.niemisofa.ee\/#website\",\"url\":\"https:\/\/www.niemisofa.ee\/\",\"name\":\"Niemi Sofa\",\"description\":\"Pehme m&ouml;&ouml;bel Eestist!\",\"publisher\":{\"@id\":\"https:\/\/www.niemisofa.ee\/#organization\"},\"potentialAction\":[{\"@type\":\"SearchAction\",\"target\":{\"@type\":\"EntryPoint\",\"urlTemplate\":\"https:\/\/www.niemisofa.ee\/?s={search_term_string}\"},\"query-input\":{\"@type\":\"PropertyValueSpecification\",\"valueRequired\":true,\"valueName\":\"search_term_string\"}}],\"inLanguage\":\"fi\"},{\"@type\":\"Organization\",\"@id\":\"https:\/\/www.niemisofa.ee\/#organization\",\"name\":\"Niemi Sofa\",\"url\":\"https:\/\/www.niemisofa.ee\/\",\"logo\":{\"@type\":\"ImageObject\",\"inLanguage\":\"fi\",\"@id\":\"https:\/\/www.niemisofa.ee\/#\/schema\/logo\/image\/\",\"url\":\"https:\/\/www.niemisofa.ee\/wp-content\/uploads\/2024\/02\/logo.jpg\",\"contentUrl\":\"https:\/\/www.niemisofa.ee\/wp-content\/uploads\/2024\/02\/logo.jpg\",\"width\":254,\"height\":63,\"caption\":\"Niemi Sofa\"},\"image\":{\"@id\":\"https:\/\/www.niemisofa.ee\/#\/schema\/logo\/image\/\"},\"sameAs\":[\"https:\/\/www.facebook.com\/profile.php?id=61568583511594\",\"https:\/\/www.instagram.com\/niemisofa\/\"]}]}<\/script>\n<!-- \/ Yoast SEO plugin. -->",
    "yoast_head_json": {
        "title": "ISLA-nojatuoli matala selk\u00e4noja - Niemi Sofa",
        "robots": {
            "index": "index",
            "follow": "follow",
            "max-snippet": "max-snippet:-1",
            "max-image-preview": "max-image-preview:large",
            "max-video-preview": "max-video-preview:-1"
        },
        "canonical": "https:\/\/www.niemisofa.ee\/fi\/tuotteet\/isla-nojatuoli-matala-selkanoja\/",
        "og_locale": "fi_FI",
        "og_type": "article",
        "og_title": "ISLA-nojatuoli matala selk\u00e4noja - Niemi Sofa",
        "og_description": "Isla-nojatuolissa on matala selk\u00e4noja ja vahva istuintyyny, joka antaa hyv\u00e4n tuen istuessa ja helpottaa tuolista nousemista.Nojatuolissa on kulutusta kest\u00e4v\u00e4t paikat k\u00e4sinojissa. Kaikki pintamateriaalit helposti pyyhkim\u00e4ll\u00e4 puhdistettavia.Istuimiin ja selk\u00e4tyynyihin on mahdollista valita kangasp\u00e4\u00e4llisten alle nestetiivis sis\u00e4p\u00e4\u00e4llinen sek\u00e4 lis\u00e4p\u00e4\u00e4lliset vaihtoa varten.Isla-malleissa on erilaisia \u200b\u200blis\u00e4varusteita, jotka voidaan tilata erikseen.P\u00e4\u00e4llyskangas voidaan valita useista kankaista ja v\u00e4reist\u00e4.Isla-pehmustetut huonekalut ovat paloturvallisia [&hellip;]",
        "og_url": "https:\/\/www.niemisofa.ee\/fi\/tuotteet\/isla-nojatuoli-matala-selkanoja\/",
        "og_site_name": "Niemi Sofa",
        "article_publisher": "https:\/\/www.facebook.com\/profile.php?id=61568583511594",
        "article_modified_time": "2025-08-15T07:59:22+00:00",
        "og_image": [
            {
                "width": 902,
                "height": 608,
                "url": "https:\/\/www.niemisofa.ee\/wp-content\/uploads\/2024\/09\/ISLA_1-copy.jpg",
                "type": "image\/jpeg"
            }
        ],
        "twitter_card": "summary_large_image",
        "twitter_misc": {
            "Arvioitu lukuaika": "1 minuutti"
        },
        "schema": {
            "@context": "https:\/\/schema.org",
            "@graph": [
                {
                    "@type": "WebPage",
                    "@id": "https:\/\/www.niemisofa.ee\/tuotteet\/isla-nojatuoli-matala-selkanoja\/",
                    "url": "https:\/\/www.niemisofa.ee\/tuotteet\/isla-nojatuoli-matala-selkanoja\/",
                    "name": "ISLA-nojatuoli matala selk\u00e4noja - Niemi Sofa",
                    "isPartOf": {
                        "@id": "https:\/\/www.niemisofa.ee\/#website"
                    },
                    "primaryImageOfPage": {
                        "@id": "https:\/\/www.niemisofa.ee\/tuotteet\/isla-nojatuoli-matala-selkanoja\/#primaryimage"
                    },
                    "image": {
                        "@id": "https:\/\/www.niemisofa.ee\/tuotteet\/isla-nojatuoli-matala-selkanoja\/#primaryimage"
                    },
                    "thumbnailUrl": "https:\/\/www.niemisofa.ee\/wp-content\/uploads\/2024\/09\/ISLA_1-copy.jpg",
                    "datePublished": "2024-09-13T06:56:47+00:00",
                    "dateModified": "2025-08-15T07:59:22+00:00",
                    "breadcrumb": {
                        "@id": "https:\/\/www.niemisofa.ee\/tuotteet\/isla-nojatuoli-matala-selkanoja\/#breadcrumb"
                    },
                    "inLanguage": "fi",
                    "potentialAction": [
                        {
                            "@type": "ReadAction",
                            "target": [
                                "https:\/\/www.niemisofa.ee\/tuotteet\/isla-nojatuoli-matala-selkanoja\/"
                            ]
                        }
                    ]
                },
                {
                    "@type": "ImageObject",
                    "inLanguage": "fi",
                    "@id": "https:\/\/www.niemisofa.ee\/tuotteet\/isla-nojatuoli-matala-selkanoja\/#primaryimage",
                    "url": "https:\/\/www.niemisofa.ee\/wp-content\/uploads\/2024\/09\/ISLA_1-copy.jpg",
                    "contentUrl": "https:\/\/www.niemisofa.ee\/wp-content\/uploads\/2024\/09\/ISLA_1-copy.jpg",
                    "width": 902,
                    "height": 608
                },
                {
                    "@type": "BreadcrumbList",
                    "@id": "https:\/\/www.niemisofa.ee\/tuotteet\/isla-nojatuoli-matala-selkanoja\/#breadcrumb",
                    "itemListElement": [
                        {
                            "@type": "ListItem",
                            "position": 1,
                            "name": "Home",
                            "item": "https:\/\/www.niemisofa.ee\/"
                        },
                        {
                            "@type": "ListItem",
                            "position": 2,
                            "name": "Products",
                            "item": "https:\/\/www.niemisofa.ee\/fi\/tuotteet\/"
                        },
                        {
                            "@type": "ListItem",
                            "position": 3,
                            "name": "ISLA-nojatuoli matala selk\u00e4noja"
                        }
                    ]
                },
                {
                    "@type": "WebSite",
                    "@id": "https:\/\/www.niemisofa.ee\/#website",
                    "url": "https:\/\/www.niemisofa.ee\/",
                    "name": "Niemi Sofa",
                    "description": "Pehme m&ouml;&ouml;bel Eestist!",
                    "publisher": {
                        "@id": "https:\/\/www.niemisofa.ee\/#organization"
                    },
                    "potentialAction": [
                        {
                            "@type": "SearchAction",
                            "target": {
                                "@type": "EntryPoint",
                                "urlTemplate": "https:\/\/www.niemisofa.ee\/?s={search_term_string}"
                            },
                            "query-input": {
                                "@type": "PropertyValueSpecification",
                                "valueRequired": true,
                                "valueName": "search_term_string"
                            }
                        }
                    ],
                    "inLanguage": "fi"
                },
                {
                    "@type": "Organization",
                    "@id": "https:\/\/www.niemisofa.ee\/#organization",
                    "name": "Niemi Sofa",
                    "url": "https:\/\/www.niemisofa.ee\/",
                    "logo": {
                        "@type": "ImageObject",
                        "inLanguage": "fi",
                        "@id": "https:\/\/www.niemisofa.ee\/#\/schema\/logo\/image\/",
                        "url": "https:\/\/www.niemisofa.ee\/wp-content\/uploads\/2024\/02\/logo.jpg",
                        "contentUrl": "https:\/\/www.niemisofa.ee\/wp-content\/uploads\/2024\/02\/logo.jpg",
                        "width": 254,
                        "height": 63,
                        "caption": "Niemi Sofa"
                    },
                    "image": {
                        "@id": "https:\/\/www.niemisofa.ee\/#\/schema\/logo\/image\/"
                    },
                    "sameAs": [
                        "https:\/\/www.facebook.com\/profile.php?id=61568583511594",
                        "https:\/\/www.instagram.com\/niemisofa\/"
                    ]
                }
            ]
        }
    },
    "_links": {
        "self": [
            {
                "href": "https:\/\/www.niemisofa.ee\/fi\/wp-json\/wp\/v2\/al_product\/4222",
                "targetHints": {
                    "allow": [
                        "GET"
                    ]
                }
            }
        ],
        "collection": [
            {
                "href": "https:\/\/www.niemisofa.ee\/fi\/wp-json\/wp\/v2\/al_product"
            }
        ],
        "about": [
            {
                "href": "https:\/\/www.niemisofa.ee\/fi\/wp-json\/wp\/v2\/types\/al_product"
            }
        ],
        "wp:featuredmedia": [
            {
                "embeddable": true,
                "href": "https:\/\/www.niemisofa.ee\/fi\/wp-json\/wp\/v2\/media\/5357"
            }
        ],
        "wp:attachment": [
            {
                "href": "https:\/\/www.niemisofa.ee\/fi\/wp-json\/wp\/v2\/media?parent=4222"
            }
        ],
        "wp:term": [
            {
                "taxonomy": "al_product-cat",
                "embeddable": true,
                "href": "https:\/\/www.niemisofa.ee\/fi\/wp-json\/wp\/v2\/al_product-cat?post=4222"
            }
        ],
        "curies": [
            {
                "name": "wp",
                "href": "https:\/\/api.w.org\/{rel}",
                "templated": true
            }
        ]
    }
}