{
    "id": 4229,
    "date": "2024-09-13T08:35:39",
    "date_gmt": "2024-09-13T08:35:39",
    "guid": {
        "rendered": "https:\/\/www.niemisofa.ee\/?post_type=al_product&#038;p=4229"
    },
    "modified": "2025-08-15T08:04:03",
    "modified_gmt": "2025-08-15T08:04:03",
    "slug": "isla-nojatuoli-erikoiskorkea-selkanoja",
    "status": "publish",
    "type": "al_product",
    "link": "https:\/\/www.niemisofa.ee\/fi\/tuotteet\/isla-nojatuoli-erikoiskorkea-selkanoja\/",
    "title": {
        "rendered": "ISLA-nojatuoli erikoiskorkea selk\u00e4noja"
    },
    "content": {
        "rendered": "<p>Isla-nojatuolissa on korkea selk\u00e4noja ja vahva istuintyyny, joka antaa hyv\u00e4n tuen istuessa ja helpottaa tuolista nousemista.<\/p>\r\n\r\n\r\n\r\n<p>Isla-nojatuoliin voi valita matalan, korkean tai erikoiskorkean selk\u00e4nojan.<\/p>\r\n\r\n\r\n\r\n<p><br>Nojatuolissa on kulutusta kest\u00e4v\u00e4t paikat k\u00e4sinojissa. Kaikki pintamateriaalit helposti pyyhkim\u00e4ll\u00e4 puhdistettavia.<br>Istuimiin ja selk\u00e4tyynyihin on mahdollista valita kangasp\u00e4\u00e4llisten alle nestetiivis sis\u00e4p\u00e4\u00e4llinen sek\u00e4 lis\u00e4p\u00e4\u00e4lliset vaihtoa varten.<br>Isla-malleissa on erilaisia \u200b\u200blis\u00e4varusteita, jotka voidaan tilata erikseen.<br>P\u00e4\u00e4llyskangas voidaan valita useista kankaista ja v\u00e4reist\u00e4.<br>Isla-pehmustetut huonekalut ovat paloturvallisia ja ne on testattu standardin EN 16139:2013 mukaisesti. Isla-huonekalusarja t\u00e4ytt\u00e4\u00e4 julkisissa tiloissa k\u00e4ytett\u00e4v\u00e4n standardin turvallisuus-, lujuus- ja kest\u00e4vyysvaatimukset.<\/p>",
        "protected": false
    },
    "excerpt": {
        "rendered": "<p>Isla-nojatuolissa on korkea selk\u00e4noja ja vahva istuintyyny, joka antaa hyv\u00e4n tuen istuessa ja helpottaa tuolista nousemista. Isla-nojatuoliin voi valita matalan, korkean tai erikoiskorkean selk\u00e4nojan. Nojatuolissa on kulutusta kest\u00e4v\u00e4t paikat k\u00e4sinojissa. Kaikki pintamateriaalit helposti pyyhkim\u00e4ll\u00e4 puhdistettavia.Istuimiin ja selk\u00e4tyynyihin on mahdollista valita kangasp\u00e4\u00e4llisten alle nestetiivis sis\u00e4p\u00e4\u00e4llinen sek\u00e4 lis\u00e4p\u00e4\u00e4lliset vaihtoa varten.Isla-malleissa on erilaisia \u200b\u200blis\u00e4varusteita, jotka voidaan tilata erikseen.P\u00e4\u00e4llyskangas [&hellip;]<\/p>",
        "protected": false
    },
    "featured_media": 4230,
    "template": "",
    "al_product-cat": [
        264
    ],
    "class_list": [
        "post-4229",
        "al_product",
        "type-al_product",
        "status-publish",
        "has-post-thumbnail",
        "hentry",
        "al_product-cat-hoivakodit"
    ],
    "acf": [],
    "yoast_head": "<!-- This site is optimized with the Yoast SEO plugin v27.0 - https:\/\/yoast.com\/product\/yoast-seo-wordpress\/ -->\n<title>ISLA-nojatuoli erikoiskorkea selk\u00e4noja - Niemi Sofa<\/title>\n<meta name=\"robots\" content=\"index, follow, max-snippet:-1, max-image-preview:large, max-video-preview:-1\" \/>\n<link rel=\"canonical\" href=\"https:\/\/www.niemisofa.ee\/fi\/tuotteet\/isla-nojatuoli-erikoiskorkea-selkanoja\/\" \/>\n<meta property=\"og:locale\" content=\"fi_FI\" \/>\n<meta property=\"og:type\" content=\"article\" \/>\n<meta property=\"og:title\" content=\"ISLA-nojatuoli erikoiskorkea selk\u00e4noja - Niemi Sofa\" \/>\n<meta property=\"og:description\" content=\"Isla-nojatuolissa on korkea selk\u00e4noja ja vahva istuintyyny, joka antaa hyv\u00e4n tuen istuessa ja helpottaa tuolista nousemista. Isla-nojatuoliin voi valita matalan, korkean tai erikoiskorkean selk\u00e4nojan. Nojatuolissa on kulutusta kest\u00e4v\u00e4t paikat k\u00e4sinojissa. Kaikki pintamateriaalit helposti pyyhkim\u00e4ll\u00e4 puhdistettavia.Istuimiin ja selk\u00e4tyynyihin on mahdollista valita kangasp\u00e4\u00e4llisten alle nestetiivis sis\u00e4p\u00e4\u00e4llinen sek\u00e4 lis\u00e4p\u00e4\u00e4lliset vaihtoa varten.Isla-malleissa on erilaisia \u200b\u200blis\u00e4varusteita, jotka voidaan tilata erikseen.P\u00e4\u00e4llyskangas [&hellip;]\" \/>\n<meta property=\"og:url\" content=\"https:\/\/www.niemisofa.ee\/fi\/tuotteet\/isla-nojatuoli-erikoiskorkea-selkanoja\/\" \/>\n<meta property=\"og:site_name\" content=\"Niemi Sofa\" \/>\n<meta property=\"article:publisher\" content=\"https:\/\/www.facebook.com\/profile.php?id=61568583511594\" \/>\n<meta property=\"article:modified_time\" content=\"2025-08-15T08:04:03+00:00\" \/>\n<meta property=\"og:image\" content=\"https:\/\/www.niemisofa.ee\/wp-content\/uploads\/2024\/09\/Isla-nojatuoli_korkea.jpg\" \/>\n\t<meta property=\"og:image:width\" content=\"1920\" \/>\n\t<meta property=\"og:image:height\" content=\"1280\" \/>\n\t<meta property=\"og:image:type\" content=\"image\/jpeg\" \/>\n<meta name=\"twitter:card\" content=\"summary_large_image\" \/>\n<meta name=\"twitter:label1\" content=\"Arvioitu lukuaika\" \/>\n\t<meta name=\"twitter:data1\" content=\"1 minuutti\" \/>\n<script type=\"application\/ld+json\" class=\"yoast-schema-graph\">{\"@context\":\"https:\/\/schema.org\",\"@graph\":[{\"@type\":\"WebPage\",\"@id\":\"https:\/\/www.niemisofa.ee\/tuotteet\/isla-nojatuoli-erikoiskorkea-selkanoja\/\",\"url\":\"https:\/\/www.niemisofa.ee\/tuotteet\/isla-nojatuoli-erikoiskorkea-selkanoja\/\",\"name\":\"ISLA-nojatuoli erikoiskorkea selk\u00e4noja - Niemi Sofa\",\"isPartOf\":{\"@id\":\"https:\/\/www.niemisofa.ee\/#website\"},\"primaryImageOfPage\":{\"@id\":\"https:\/\/www.niemisofa.ee\/tuotteet\/isla-nojatuoli-erikoiskorkea-selkanoja\/#primaryimage\"},\"image\":{\"@id\":\"https:\/\/www.niemisofa.ee\/tuotteet\/isla-nojatuoli-erikoiskorkea-selkanoja\/#primaryimage\"},\"thumbnailUrl\":\"https:\/\/www.niemisofa.ee\/wp-content\/uploads\/2024\/09\/Isla-nojatuoli_korkea.jpg\",\"datePublished\":\"2024-09-13T08:35:39+00:00\",\"dateModified\":\"2025-08-15T08:04:03+00:00\",\"breadcrumb\":{\"@id\":\"https:\/\/www.niemisofa.ee\/tuotteet\/isla-nojatuoli-erikoiskorkea-selkanoja\/#breadcrumb\"},\"inLanguage\":\"fi\",\"potentialAction\":[{\"@type\":\"ReadAction\",\"target\":[\"https:\/\/www.niemisofa.ee\/tuotteet\/isla-nojatuoli-erikoiskorkea-selkanoja\/\"]}]},{\"@type\":\"ImageObject\",\"inLanguage\":\"fi\",\"@id\":\"https:\/\/www.niemisofa.ee\/tuotteet\/isla-nojatuoli-erikoiskorkea-selkanoja\/#primaryimage\",\"url\":\"https:\/\/www.niemisofa.ee\/wp-content\/uploads\/2024\/09\/Isla-nojatuoli_korkea.jpg\",\"contentUrl\":\"https:\/\/www.niemisofa.ee\/wp-content\/uploads\/2024\/09\/Isla-nojatuoli_korkea.jpg\",\"width\":1920,\"height\":1280},{\"@type\":\"BreadcrumbList\",\"@id\":\"https:\/\/www.niemisofa.ee\/tuotteet\/isla-nojatuoli-erikoiskorkea-selkanoja\/#breadcrumb\",\"itemListElement\":[{\"@type\":\"ListItem\",\"position\":1,\"name\":\"Home\",\"item\":\"https:\/\/www.niemisofa.ee\/\"},{\"@type\":\"ListItem\",\"position\":2,\"name\":\"Products\",\"item\":\"https:\/\/www.niemisofa.ee\/fi\/tuotteet\/\"},{\"@type\":\"ListItem\",\"position\":3,\"name\":\"ISLA-nojatuoli erikoiskorkea selk\u00e4noja\"}]},{\"@type\":\"WebSite\",\"@id\":\"https:\/\/www.niemisofa.ee\/#website\",\"url\":\"https:\/\/www.niemisofa.ee\/\",\"name\":\"Niemi Sofa\",\"description\":\"Pehme m&ouml;&ouml;bel Eestist!\",\"publisher\":{\"@id\":\"https:\/\/www.niemisofa.ee\/#organization\"},\"potentialAction\":[{\"@type\":\"SearchAction\",\"target\":{\"@type\":\"EntryPoint\",\"urlTemplate\":\"https:\/\/www.niemisofa.ee\/?s={search_term_string}\"},\"query-input\":{\"@type\":\"PropertyValueSpecification\",\"valueRequired\":true,\"valueName\":\"search_term_string\"}}],\"inLanguage\":\"fi\"},{\"@type\":\"Organization\",\"@id\":\"https:\/\/www.niemisofa.ee\/#organization\",\"name\":\"Niemi Sofa\",\"url\":\"https:\/\/www.niemisofa.ee\/\",\"logo\":{\"@type\":\"ImageObject\",\"inLanguage\":\"fi\",\"@id\":\"https:\/\/www.niemisofa.ee\/#\/schema\/logo\/image\/\",\"url\":\"https:\/\/www.niemisofa.ee\/wp-content\/uploads\/2024\/02\/logo.jpg\",\"contentUrl\":\"https:\/\/www.niemisofa.ee\/wp-content\/uploads\/2024\/02\/logo.jpg\",\"width\":254,\"height\":63,\"caption\":\"Niemi Sofa\"},\"image\":{\"@id\":\"https:\/\/www.niemisofa.ee\/#\/schema\/logo\/image\/\"},\"sameAs\":[\"https:\/\/www.facebook.com\/profile.php?id=61568583511594\",\"https:\/\/www.instagram.com\/niemisofa\/\"]}]}<\/script>\n<!-- \/ Yoast SEO plugin. -->",
    "yoast_head_json": {
        "title": "ISLA-nojatuoli erikoiskorkea selk\u00e4noja - Niemi Sofa",
        "robots": {
            "index": "index",
            "follow": "follow",
            "max-snippet": "max-snippet:-1",
            "max-image-preview": "max-image-preview:large",
            "max-video-preview": "max-video-preview:-1"
        },
        "canonical": "https:\/\/www.niemisofa.ee\/fi\/tuotteet\/isla-nojatuoli-erikoiskorkea-selkanoja\/",
        "og_locale": "fi_FI",
        "og_type": "article",
        "og_title": "ISLA-nojatuoli erikoiskorkea selk\u00e4noja - Niemi Sofa",
        "og_description": "Isla-nojatuolissa on korkea selk\u00e4noja ja vahva istuintyyny, joka antaa hyv\u00e4n tuen istuessa ja helpottaa tuolista nousemista. Isla-nojatuoliin voi valita matalan, korkean tai erikoiskorkean selk\u00e4nojan. Nojatuolissa on kulutusta kest\u00e4v\u00e4t paikat k\u00e4sinojissa. Kaikki pintamateriaalit helposti pyyhkim\u00e4ll\u00e4 puhdistettavia.Istuimiin ja selk\u00e4tyynyihin on mahdollista valita kangasp\u00e4\u00e4llisten alle nestetiivis sis\u00e4p\u00e4\u00e4llinen sek\u00e4 lis\u00e4p\u00e4\u00e4lliset vaihtoa varten.Isla-malleissa on erilaisia \u200b\u200blis\u00e4varusteita, jotka voidaan tilata erikseen.P\u00e4\u00e4llyskangas [&hellip;]",
        "og_url": "https:\/\/www.niemisofa.ee\/fi\/tuotteet\/isla-nojatuoli-erikoiskorkea-selkanoja\/",
        "og_site_name": "Niemi Sofa",
        "article_publisher": "https:\/\/www.facebook.com\/profile.php?id=61568583511594",
        "article_modified_time": "2025-08-15T08:04:03+00:00",
        "og_image": [
            {
                "width": 1920,
                "height": 1280,
                "url": "https:\/\/www.niemisofa.ee\/wp-content\/uploads\/2024\/09\/Isla-nojatuoli_korkea.jpg",
                "type": "image\/jpeg"
            }
        ],
        "twitter_card": "summary_large_image",
        "twitter_misc": {
            "Arvioitu lukuaika": "1 minuutti"
        },
        "schema": {
            "@context": "https:\/\/schema.org",
            "@graph": [
                {
                    "@type": "WebPage",
                    "@id": "https:\/\/www.niemisofa.ee\/tuotteet\/isla-nojatuoli-erikoiskorkea-selkanoja\/",
                    "url": "https:\/\/www.niemisofa.ee\/tuotteet\/isla-nojatuoli-erikoiskorkea-selkanoja\/",
                    "name": "ISLA-nojatuoli erikoiskorkea selk\u00e4noja - Niemi Sofa",
                    "isPartOf": {
                        "@id": "https:\/\/www.niemisofa.ee\/#website"
                    },
                    "primaryImageOfPage": {
                        "@id": "https:\/\/www.niemisofa.ee\/tuotteet\/isla-nojatuoli-erikoiskorkea-selkanoja\/#primaryimage"
                    },
                    "image": {
                        "@id": "https:\/\/www.niemisofa.ee\/tuotteet\/isla-nojatuoli-erikoiskorkea-selkanoja\/#primaryimage"
                    },
                    "thumbnailUrl": "https:\/\/www.niemisofa.ee\/wp-content\/uploads\/2024\/09\/Isla-nojatuoli_korkea.jpg",
                    "datePublished": "2024-09-13T08:35:39+00:00",
                    "dateModified": "2025-08-15T08:04:03+00:00",
                    "breadcrumb": {
                        "@id": "https:\/\/www.niemisofa.ee\/tuotteet\/isla-nojatuoli-erikoiskorkea-selkanoja\/#breadcrumb"
                    },
                    "inLanguage": "fi",
                    "potentialAction": [
                        {
                            "@type": "ReadAction",
                            "target": [
                                "https:\/\/www.niemisofa.ee\/tuotteet\/isla-nojatuoli-erikoiskorkea-selkanoja\/"
                            ]
                        }
                    ]
                },
                {
                    "@type": "ImageObject",
                    "inLanguage": "fi",
                    "@id": "https:\/\/www.niemisofa.ee\/tuotteet\/isla-nojatuoli-erikoiskorkea-selkanoja\/#primaryimage",
                    "url": "https:\/\/www.niemisofa.ee\/wp-content\/uploads\/2024\/09\/Isla-nojatuoli_korkea.jpg",
                    "contentUrl": "https:\/\/www.niemisofa.ee\/wp-content\/uploads\/2024\/09\/Isla-nojatuoli_korkea.jpg",
                    "width": 1920,
                    "height": 1280
                },
                {
                    "@type": "BreadcrumbList",
                    "@id": "https:\/\/www.niemisofa.ee\/tuotteet\/isla-nojatuoli-erikoiskorkea-selkanoja\/#breadcrumb",
                    "itemListElement": [
                        {
                            "@type": "ListItem",
                            "position": 1,
                            "name": "Home",
                            "item": "https:\/\/www.niemisofa.ee\/"
                        },
                        {
                            "@type": "ListItem",
                            "position": 2,
                            "name": "Products",
                            "item": "https:\/\/www.niemisofa.ee\/fi\/tuotteet\/"
                        },
                        {
                            "@type": "ListItem",
                            "position": 3,
                            "name": "ISLA-nojatuoli erikoiskorkea selk\u00e4noja"
                        }
                    ]
                },
                {
                    "@type": "WebSite",
                    "@id": "https:\/\/www.niemisofa.ee\/#website",
                    "url": "https:\/\/www.niemisofa.ee\/",
                    "name": "Niemi Sofa",
                    "description": "Pehme m&ouml;&ouml;bel Eestist!",
                    "publisher": {
                        "@id": "https:\/\/www.niemisofa.ee\/#organization"
                    },
                    "potentialAction": [
                        {
                            "@type": "SearchAction",
                            "target": {
                                "@type": "EntryPoint",
                                "urlTemplate": "https:\/\/www.niemisofa.ee\/?s={search_term_string}"
                            },
                            "query-input": {
                                "@type": "PropertyValueSpecification",
                                "valueRequired": true,
                                "valueName": "search_term_string"
                            }
                        }
                    ],
                    "inLanguage": "fi"
                },
                {
                    "@type": "Organization",
                    "@id": "https:\/\/www.niemisofa.ee\/#organization",
                    "name": "Niemi Sofa",
                    "url": "https:\/\/www.niemisofa.ee\/",
                    "logo": {
                        "@type": "ImageObject",
                        "inLanguage": "fi",
                        "@id": "https:\/\/www.niemisofa.ee\/#\/schema\/logo\/image\/",
                        "url": "https:\/\/www.niemisofa.ee\/wp-content\/uploads\/2024\/02\/logo.jpg",
                        "contentUrl": "https:\/\/www.niemisofa.ee\/wp-content\/uploads\/2024\/02\/logo.jpg",
                        "width": 254,
                        "height": 63,
                        "caption": "Niemi Sofa"
                    },
                    "image": {
                        "@id": "https:\/\/www.niemisofa.ee\/#\/schema\/logo\/image\/"
                    },
                    "sameAs": [
                        "https:\/\/www.facebook.com\/profile.php?id=61568583511594",
                        "https:\/\/www.instagram.com\/niemisofa\/"
                    ]
                }
            ]
        }
    },
    "_links": {
        "self": [
            {
                "href": "https:\/\/www.niemisofa.ee\/fi\/wp-json\/wp\/v2\/al_product\/4229",
                "targetHints": {
                    "allow": [
                        "GET"
                    ]
                }
            }
        ],
        "collection": [
            {
                "href": "https:\/\/www.niemisofa.ee\/fi\/wp-json\/wp\/v2\/al_product"
            }
        ],
        "about": [
            {
                "href": "https:\/\/www.niemisofa.ee\/fi\/wp-json\/wp\/v2\/types\/al_product"
            }
        ],
        "wp:featuredmedia": [
            {
                "embeddable": true,
                "href": "https:\/\/www.niemisofa.ee\/fi\/wp-json\/wp\/v2\/media\/4230"
            }
        ],
        "wp:attachment": [
            {
                "href": "https:\/\/www.niemisofa.ee\/fi\/wp-json\/wp\/v2\/media?parent=4229"
            }
        ],
        "wp:term": [
            {
                "taxonomy": "al_product-cat",
                "embeddable": true,
                "href": "https:\/\/www.niemisofa.ee\/fi\/wp-json\/wp\/v2\/al_product-cat?post=4229"
            }
        ],
        "curies": [
            {
                "name": "wp",
                "href": "https:\/\/api.w.org\/{rel}",
                "templated": true
            }
        ]
    }
}