{
    "id": 4244,
    "date": "2024-09-19T13:18:11",
    "date_gmt": "2024-09-19T13:18:11",
    "guid": {
        "rendered": "https:\/\/www.niemisofa.ee\/?post_type=al_product&#038;p=4244"
    },
    "modified": "2025-08-15T08:05:01",
    "modified_gmt": "2025-08-15T08:05:01",
    "slug": "isla-sohva-erikoiskorkea-selkanoja",
    "status": "publish",
    "type": "al_product",
    "link": "https:\/\/www.niemisofa.ee\/fi\/tuotteet\/isla-sohva-erikoiskorkea-selkanoja\/",
    "title": {
        "rendered": "ISLA-sohva erikoiskorkea selk\u00e4noja"
    },
    "content": {
        "rendered": "<p>Kolmen istuttavassa Isla-sohvassa on erikoiskorkea selk\u00e4noja ja j\u00e4m\u00e4kk\u00e4 pehmuste, joka antaa hyv\u00e4n tuen istuessa sek\u00e4 auttaa nousemisessa. Kulutusta kest\u00e4v\u00e4t paikat k\u00e4sinojissa. Kaikki pintamateriaalit ovat helposti pyyhkim\u00e4ll\u00e4 puhdistettavia.<\/p>\r\n\r\n\r\n\r\n<p><br>Istuimiin ja selk\u00e4tyynyihin on mahdollista valita kangasp\u00e4\u00e4llisten alle nestetiivis sis\u00e4p\u00e4\u00e4llinen sek\u00e4 tuplap\u00e4\u00e4llinen.<br>Isla-malleissa on erilaisia \u200b\u200blis\u00e4varusteita, jotka voidaan tilata erikseen.<br>Verhoiluun on valittavissa useita eri vaihtoehtoja.<br>Isla-pehmustetut huonekalut ovat paloturvallisia ja ne on testattu standardin EN 16139:2013 mukaisesti. Isla-huonekalusarja t\u00e4ytt\u00e4\u00e4 julkisissa tiloissa k\u00e4ytett\u00e4v\u00e4n standardin turvallisuus-, lujuus- ja kest\u00e4vyysvaatimukset.<\/p>\r\n\r\n\r\n\r\n<p><\/p>",
        "protected": false
    },
    "excerpt": {
        "rendered": "<p>Kolmen istuttavassa Isla-sohvassa on erikoiskorkea selk\u00e4noja ja j\u00e4m\u00e4kk\u00e4 pehmuste, joka antaa hyv\u00e4n tuen istuessa sek\u00e4 auttaa nousemisessa. Kulutusta kest\u00e4v\u00e4t paikat k\u00e4sinojissa. Kaikki pintamateriaalit ovat helposti pyyhkim\u00e4ll\u00e4 puhdistettavia. Istuimiin ja selk\u00e4tyynyihin on mahdollista valita kangasp\u00e4\u00e4llisten alle nestetiivis sis\u00e4p\u00e4\u00e4llinen sek\u00e4 tuplap\u00e4\u00e4llinen.Isla-malleissa on erilaisia \u200b\u200blis\u00e4varusteita, jotka voidaan tilata erikseen.Verhoiluun on valittavissa useita eri vaihtoehtoja.Isla-pehmustetut huonekalut ovat paloturvallisia ja [&hellip;]<\/p>",
        "protected": false
    },
    "featured_media": 4245,
    "template": "",
    "al_product-cat": [
        264
    ],
    "class_list": [
        "post-4244",
        "al_product",
        "type-al_product",
        "status-publish",
        "has-post-thumbnail",
        "hentry",
        "al_product-cat-hoivakodit"
    ],
    "acf": [],
    "yoast_head": "<!-- This site is optimized with the Yoast SEO plugin v27.0 - https:\/\/yoast.com\/product\/yoast-seo-wordpress\/ -->\n<title>ISLA-sohva erikoiskorkea selk\u00e4noja - Niemi Sofa<\/title>\n<meta name=\"robots\" content=\"index, follow, max-snippet:-1, max-image-preview:large, max-video-preview:-1\" \/>\n<link rel=\"canonical\" href=\"https:\/\/www.niemisofa.ee\/fi\/tuotteet\/isla-sohva-erikoiskorkea-selkanoja\/\" \/>\n<meta property=\"og:locale\" content=\"fi_FI\" \/>\n<meta property=\"og:type\" content=\"article\" \/>\n<meta property=\"og:title\" content=\"ISLA-sohva erikoiskorkea selk\u00e4noja - Niemi Sofa\" \/>\n<meta property=\"og:description\" content=\"Kolmen istuttavassa Isla-sohvassa on erikoiskorkea selk\u00e4noja ja j\u00e4m\u00e4kk\u00e4 pehmuste, joka antaa hyv\u00e4n tuen istuessa sek\u00e4 auttaa nousemisessa. Kulutusta kest\u00e4v\u00e4t paikat k\u00e4sinojissa. Kaikki pintamateriaalit ovat helposti pyyhkim\u00e4ll\u00e4 puhdistettavia. Istuimiin ja selk\u00e4tyynyihin on mahdollista valita kangasp\u00e4\u00e4llisten alle nestetiivis sis\u00e4p\u00e4\u00e4llinen sek\u00e4 tuplap\u00e4\u00e4llinen.Isla-malleissa on erilaisia \u200b\u200blis\u00e4varusteita, jotka voidaan tilata erikseen.Verhoiluun on valittavissa useita eri vaihtoehtoja.Isla-pehmustetut huonekalut ovat paloturvallisia ja [&hellip;]\" \/>\n<meta property=\"og:url\" content=\"https:\/\/www.niemisofa.ee\/fi\/tuotteet\/isla-sohva-erikoiskorkea-selkanoja\/\" \/>\n<meta property=\"og:site_name\" content=\"Niemi Sofa\" \/>\n<meta property=\"article:publisher\" content=\"https:\/\/www.facebook.com\/profile.php?id=61568583511594\" \/>\n<meta property=\"article:modified_time\" content=\"2025-08-15T08:05:01+00:00\" \/>\n<meta property=\"og:image\" content=\"https:\/\/www.niemisofa.ee\/wp-content\/uploads\/2024\/09\/Isla-sohva-korkea.jpg\" \/>\n\t<meta property=\"og:image:width\" content=\"1920\" \/>\n\t<meta property=\"og:image:height\" content=\"1280\" \/>\n\t<meta property=\"og:image:type\" content=\"image\/jpeg\" \/>\n<meta name=\"twitter:card\" content=\"summary_large_image\" \/>\n<meta name=\"twitter:label1\" content=\"Arvioitu lukuaika\" \/>\n\t<meta name=\"twitter:data1\" content=\"1 minuutti\" \/>\n<script type=\"application\/ld+json\" class=\"yoast-schema-graph\">{\"@context\":\"https:\/\/schema.org\",\"@graph\":[{\"@type\":\"WebPage\",\"@id\":\"https:\/\/www.niemisofa.ee\/tuotteet\/isla-sohva-erikoiskorkea-selkanoja\/\",\"url\":\"https:\/\/www.niemisofa.ee\/tuotteet\/isla-sohva-erikoiskorkea-selkanoja\/\",\"name\":\"ISLA-sohva erikoiskorkea selk\u00e4noja - Niemi Sofa\",\"isPartOf\":{\"@id\":\"https:\/\/www.niemisofa.ee\/#website\"},\"primaryImageOfPage\":{\"@id\":\"https:\/\/www.niemisofa.ee\/tuotteet\/isla-sohva-erikoiskorkea-selkanoja\/#primaryimage\"},\"image\":{\"@id\":\"https:\/\/www.niemisofa.ee\/tuotteet\/isla-sohva-erikoiskorkea-selkanoja\/#primaryimage\"},\"thumbnailUrl\":\"https:\/\/www.niemisofa.ee\/wp-content\/uploads\/2024\/09\/Isla-sohva-korkea.jpg\",\"datePublished\":\"2024-09-19T13:18:11+00:00\",\"dateModified\":\"2025-08-15T08:05:01+00:00\",\"breadcrumb\":{\"@id\":\"https:\/\/www.niemisofa.ee\/tuotteet\/isla-sohva-erikoiskorkea-selkanoja\/#breadcrumb\"},\"inLanguage\":\"fi\",\"potentialAction\":[{\"@type\":\"ReadAction\",\"target\":[\"https:\/\/www.niemisofa.ee\/tuotteet\/isla-sohva-erikoiskorkea-selkanoja\/\"]}]},{\"@type\":\"ImageObject\",\"inLanguage\":\"fi\",\"@id\":\"https:\/\/www.niemisofa.ee\/tuotteet\/isla-sohva-erikoiskorkea-selkanoja\/#primaryimage\",\"url\":\"https:\/\/www.niemisofa.ee\/wp-content\/uploads\/2024\/09\/Isla-sohva-korkea.jpg\",\"contentUrl\":\"https:\/\/www.niemisofa.ee\/wp-content\/uploads\/2024\/09\/Isla-sohva-korkea.jpg\",\"width\":1920,\"height\":1280},{\"@type\":\"BreadcrumbList\",\"@id\":\"https:\/\/www.niemisofa.ee\/tuotteet\/isla-sohva-erikoiskorkea-selkanoja\/#breadcrumb\",\"itemListElement\":[{\"@type\":\"ListItem\",\"position\":1,\"name\":\"Home\",\"item\":\"https:\/\/www.niemisofa.ee\/\"},{\"@type\":\"ListItem\",\"position\":2,\"name\":\"Products\",\"item\":\"https:\/\/www.niemisofa.ee\/fi\/tuotteet\/\"},{\"@type\":\"ListItem\",\"position\":3,\"name\":\"ISLA-sohva erikoiskorkea selk\u00e4noja\"}]},{\"@type\":\"WebSite\",\"@id\":\"https:\/\/www.niemisofa.ee\/#website\",\"url\":\"https:\/\/www.niemisofa.ee\/\",\"name\":\"Niemi Sofa\",\"description\":\"Pehme m&ouml;&ouml;bel Eestist!\",\"publisher\":{\"@id\":\"https:\/\/www.niemisofa.ee\/#organization\"},\"potentialAction\":[{\"@type\":\"SearchAction\",\"target\":{\"@type\":\"EntryPoint\",\"urlTemplate\":\"https:\/\/www.niemisofa.ee\/?s={search_term_string}\"},\"query-input\":{\"@type\":\"PropertyValueSpecification\",\"valueRequired\":true,\"valueName\":\"search_term_string\"}}],\"inLanguage\":\"fi\"},{\"@type\":\"Organization\",\"@id\":\"https:\/\/www.niemisofa.ee\/#organization\",\"name\":\"Niemi Sofa\",\"url\":\"https:\/\/www.niemisofa.ee\/\",\"logo\":{\"@type\":\"ImageObject\",\"inLanguage\":\"fi\",\"@id\":\"https:\/\/www.niemisofa.ee\/#\/schema\/logo\/image\/\",\"url\":\"https:\/\/www.niemisofa.ee\/wp-content\/uploads\/2024\/02\/logo.jpg\",\"contentUrl\":\"https:\/\/www.niemisofa.ee\/wp-content\/uploads\/2024\/02\/logo.jpg\",\"width\":254,\"height\":63,\"caption\":\"Niemi Sofa\"},\"image\":{\"@id\":\"https:\/\/www.niemisofa.ee\/#\/schema\/logo\/image\/\"},\"sameAs\":[\"https:\/\/www.facebook.com\/profile.php?id=61568583511594\",\"https:\/\/www.instagram.com\/niemisofa\/\"]}]}<\/script>\n<!-- \/ Yoast SEO plugin. -->",
    "yoast_head_json": {
        "title": "ISLA-sohva erikoiskorkea selk\u00e4noja - Niemi Sofa",
        "robots": {
            "index": "index",
            "follow": "follow",
            "max-snippet": "max-snippet:-1",
            "max-image-preview": "max-image-preview:large",
            "max-video-preview": "max-video-preview:-1"
        },
        "canonical": "https:\/\/www.niemisofa.ee\/fi\/tuotteet\/isla-sohva-erikoiskorkea-selkanoja\/",
        "og_locale": "fi_FI",
        "og_type": "article",
        "og_title": "ISLA-sohva erikoiskorkea selk\u00e4noja - Niemi Sofa",
        "og_description": "Kolmen istuttavassa Isla-sohvassa on erikoiskorkea selk\u00e4noja ja j\u00e4m\u00e4kk\u00e4 pehmuste, joka antaa hyv\u00e4n tuen istuessa sek\u00e4 auttaa nousemisessa. Kulutusta kest\u00e4v\u00e4t paikat k\u00e4sinojissa. Kaikki pintamateriaalit ovat helposti pyyhkim\u00e4ll\u00e4 puhdistettavia. Istuimiin ja selk\u00e4tyynyihin on mahdollista valita kangasp\u00e4\u00e4llisten alle nestetiivis sis\u00e4p\u00e4\u00e4llinen sek\u00e4 tuplap\u00e4\u00e4llinen.Isla-malleissa on erilaisia \u200b\u200blis\u00e4varusteita, jotka voidaan tilata erikseen.Verhoiluun on valittavissa useita eri vaihtoehtoja.Isla-pehmustetut huonekalut ovat paloturvallisia ja [&hellip;]",
        "og_url": "https:\/\/www.niemisofa.ee\/fi\/tuotteet\/isla-sohva-erikoiskorkea-selkanoja\/",
        "og_site_name": "Niemi Sofa",
        "article_publisher": "https:\/\/www.facebook.com\/profile.php?id=61568583511594",
        "article_modified_time": "2025-08-15T08:05:01+00:00",
        "og_image": [
            {
                "width": 1920,
                "height": 1280,
                "url": "https:\/\/www.niemisofa.ee\/wp-content\/uploads\/2024\/09\/Isla-sohva-korkea.jpg",
                "type": "image\/jpeg"
            }
        ],
        "twitter_card": "summary_large_image",
        "twitter_misc": {
            "Arvioitu lukuaika": "1 minuutti"
        },
        "schema": {
            "@context": "https:\/\/schema.org",
            "@graph": [
                {
                    "@type": "WebPage",
                    "@id": "https:\/\/www.niemisofa.ee\/tuotteet\/isla-sohva-erikoiskorkea-selkanoja\/",
                    "url": "https:\/\/www.niemisofa.ee\/tuotteet\/isla-sohva-erikoiskorkea-selkanoja\/",
                    "name": "ISLA-sohva erikoiskorkea selk\u00e4noja - Niemi Sofa",
                    "isPartOf": {
                        "@id": "https:\/\/www.niemisofa.ee\/#website"
                    },
                    "primaryImageOfPage": {
                        "@id": "https:\/\/www.niemisofa.ee\/tuotteet\/isla-sohva-erikoiskorkea-selkanoja\/#primaryimage"
                    },
                    "image": {
                        "@id": "https:\/\/www.niemisofa.ee\/tuotteet\/isla-sohva-erikoiskorkea-selkanoja\/#primaryimage"
                    },
                    "thumbnailUrl": "https:\/\/www.niemisofa.ee\/wp-content\/uploads\/2024\/09\/Isla-sohva-korkea.jpg",
                    "datePublished": "2024-09-19T13:18:11+00:00",
                    "dateModified": "2025-08-15T08:05:01+00:00",
                    "breadcrumb": {
                        "@id": "https:\/\/www.niemisofa.ee\/tuotteet\/isla-sohva-erikoiskorkea-selkanoja\/#breadcrumb"
                    },
                    "inLanguage": "fi",
                    "potentialAction": [
                        {
                            "@type": "ReadAction",
                            "target": [
                                "https:\/\/www.niemisofa.ee\/tuotteet\/isla-sohva-erikoiskorkea-selkanoja\/"
                            ]
                        }
                    ]
                },
                {
                    "@type": "ImageObject",
                    "inLanguage": "fi",
                    "@id": "https:\/\/www.niemisofa.ee\/tuotteet\/isla-sohva-erikoiskorkea-selkanoja\/#primaryimage",
                    "url": "https:\/\/www.niemisofa.ee\/wp-content\/uploads\/2024\/09\/Isla-sohva-korkea.jpg",
                    "contentUrl": "https:\/\/www.niemisofa.ee\/wp-content\/uploads\/2024\/09\/Isla-sohva-korkea.jpg",
                    "width": 1920,
                    "height": 1280
                },
                {
                    "@type": "BreadcrumbList",
                    "@id": "https:\/\/www.niemisofa.ee\/tuotteet\/isla-sohva-erikoiskorkea-selkanoja\/#breadcrumb",
                    "itemListElement": [
                        {
                            "@type": "ListItem",
                            "position": 1,
                            "name": "Home",
                            "item": "https:\/\/www.niemisofa.ee\/"
                        },
                        {
                            "@type": "ListItem",
                            "position": 2,
                            "name": "Products",
                            "item": "https:\/\/www.niemisofa.ee\/fi\/tuotteet\/"
                        },
                        {
                            "@type": "ListItem",
                            "position": 3,
                            "name": "ISLA-sohva erikoiskorkea selk\u00e4noja"
                        }
                    ]
                },
                {
                    "@type": "WebSite",
                    "@id": "https:\/\/www.niemisofa.ee\/#website",
                    "url": "https:\/\/www.niemisofa.ee\/",
                    "name": "Niemi Sofa",
                    "description": "Pehme m&ouml;&ouml;bel Eestist!",
                    "publisher": {
                        "@id": "https:\/\/www.niemisofa.ee\/#organization"
                    },
                    "potentialAction": [
                        {
                            "@type": "SearchAction",
                            "target": {
                                "@type": "EntryPoint",
                                "urlTemplate": "https:\/\/www.niemisofa.ee\/?s={search_term_string}"
                            },
                            "query-input": {
                                "@type": "PropertyValueSpecification",
                                "valueRequired": true,
                                "valueName": "search_term_string"
                            }
                        }
                    ],
                    "inLanguage": "fi"
                },
                {
                    "@type": "Organization",
                    "@id": "https:\/\/www.niemisofa.ee\/#organization",
                    "name": "Niemi Sofa",
                    "url": "https:\/\/www.niemisofa.ee\/",
                    "logo": {
                        "@type": "ImageObject",
                        "inLanguage": "fi",
                        "@id": "https:\/\/www.niemisofa.ee\/#\/schema\/logo\/image\/",
                        "url": "https:\/\/www.niemisofa.ee\/wp-content\/uploads\/2024\/02\/logo.jpg",
                        "contentUrl": "https:\/\/www.niemisofa.ee\/wp-content\/uploads\/2024\/02\/logo.jpg",
                        "width": 254,
                        "height": 63,
                        "caption": "Niemi Sofa"
                    },
                    "image": {
                        "@id": "https:\/\/www.niemisofa.ee\/#\/schema\/logo\/image\/"
                    },
                    "sameAs": [
                        "https:\/\/www.facebook.com\/profile.php?id=61568583511594",
                        "https:\/\/www.instagram.com\/niemisofa\/"
                    ]
                }
            ]
        }
    },
    "_links": {
        "self": [
            {
                "href": "https:\/\/www.niemisofa.ee\/fi\/wp-json\/wp\/v2\/al_product\/4244",
                "targetHints": {
                    "allow": [
                        "GET"
                    ]
                }
            }
        ],
        "collection": [
            {
                "href": "https:\/\/www.niemisofa.ee\/fi\/wp-json\/wp\/v2\/al_product"
            }
        ],
        "about": [
            {
                "href": "https:\/\/www.niemisofa.ee\/fi\/wp-json\/wp\/v2\/types\/al_product"
            }
        ],
        "wp:featuredmedia": [
            {
                "embeddable": true,
                "href": "https:\/\/www.niemisofa.ee\/fi\/wp-json\/wp\/v2\/media\/4245"
            }
        ],
        "wp:attachment": [
            {
                "href": "https:\/\/www.niemisofa.ee\/fi\/wp-json\/wp\/v2\/media?parent=4244"
            }
        ],
        "wp:term": [
            {
                "taxonomy": "al_product-cat",
                "embeddable": true,
                "href": "https:\/\/www.niemisofa.ee\/fi\/wp-json\/wp\/v2\/al_product-cat?post=4244"
            }
        ],
        "curies": [
            {
                "name": "wp",
                "href": "https:\/\/api.w.org\/{rel}",
                "templated": true
            }
        ]
    }
}